{"id":20313,"date":"2026-01-18T14:29:35","date_gmt":"2026-01-18T20:29:35","guid":{"rendered":"https:\/\/sezami.zacatecas.gob.mx\/?p=20313"},"modified":"2026-01-19T14:30:59","modified_gmt":"2026-01-19T20:30:59","slug":"en-audiencia-publica-atiende-gobierno-del-estado-a-la-comunidad-zacatecana-radicada-en-el-exterior","status":"publish","type":"post","link":"https:\/\/sezami.zacatecas.gob.mx\/?p=20313","title":{"rendered":"En audiencia p\u00fablica, atiende Gobierno del Estado a la comunidad zacatecana radicada en el exterior"},"content":{"rendered":"<p>&#x25aa; Recibe y da respuesta a m\u00e1s de 25 planteamientos que hicieron hombres y mujeres originarios de diversos municipios del estado<br \/>\n&#x25aa; Comprometido Gobierno de Zacatecas en atender a la comunidad migrantes y continuar el trabajo para recuperar y avanzar en la pacificaci\u00f3n del estado<\/p>\n<p>Fort Worth, Texas., 18 de enero de 2026.- Como parte de las actividades del 23 Aniversario de la Federaci\u00f3n de Clubes Zacatecanos en Fort Worth, Texas, la administraci\u00f3n estatal, que encabeza el Gobernador David Monreal \u00c1vila, presidi\u00f3 la audiencia p\u00fablica para la comunidad zacatecana radicada en el exterior.<\/p>\n<p>En representaci\u00f3n del Gobernador David Monreal \u00c1vila, Carlos Alberto Z\u00fa\u00f1iga Rivera, jefe de Oficina, escuch\u00f3, recibi\u00f3 y dio respuesta a m\u00e1s de 25 planteamientos que hicieron hombres y mujeres originarios de diversos municipios del estado y que radican en el norte de Texas y de California.<\/p>\n<p>Los planteamientos abordaron temas como la construcci\u00f3n y\/o mejoramiento de tramos carreteros en comunidades de Jalpa, Valpara\u00edso, Ojocaliente; asimismo, domos, escuelas, cl\u00ednicas de especialidad, seguridad, reglas de operaci\u00f3n de diversos programas, entre otros.<\/p>\n<p>Adem\u00e1s de dar respuesta, Z\u00fa\u00f1iga Rivera reiter\u00f3 el compromiso del Gobernador David Monreal, no s\u00f3lo en la atenci\u00f3n de las solicitudes, sino en continuar el trabajo para recuperar y avanzar en la pacificaci\u00f3n del estado.<\/p>\n<p>Como parte de la agenda de actividades en esta ciudad texana, este domingo se celebr\u00f3 la reuni\u00f3n en la Casa del Zacatecano, en la que participaron el Fiscal General de Justicia en el Estado, Cristian Paul Camacho Osnaya; el titular de la Secretar\u00eda del Zacatecano Migrante (Sezami), Iv\u00e1n Reyes Mill\u00e1n; la Senadora Ver\u00f3nica D\u00edaz; el Presidente de la Federaci\u00f3n, Sigifredo Mu\u00f1oz; legisladores federales y locales, as\u00ed como presidentes municipales.<\/p>\n<p>\u2014ooOoo\u2014<\/p>\n","protected":false},"excerpt":{"rendered":"<p>&#x25aa; Recibe y da respuesta a m\u00e1s de 25 planteamientos [&hellip;]<\/p>\n","protected":false},"author":5,"featured_media":20304,"comment_status":"closed","ping_status":"closed","sticky":false,"template":"","format":"standard","meta":{"_eb_attr":""},"categories":[151],"tags":[],"_links":{"self":[{"href":"https:\/\/sezami.zacatecas.gob.mx\/index.php?rest_route=\/wp\/v2\/posts\/20313"}],"collection":[{"href":"https:\/\/sezami.zacatecas.gob.mx\/index.php?rest_route=\/wp\/v2\/posts"}],"about":[{"href":"https:\/\/sezami.zacatecas.gob.mx\/index.php?rest_route=\/wp\/v2\/types\/post"}],"author":[{"embeddable":true,"href":"https:\/\/sezami.zacatecas.gob.mx\/index.php?rest_route=\/wp\/v2\/users\/5"}],"replies":[{"embeddable":true,"href":"https:\/\/sezami.zacatecas.gob.mx\/index.php?rest_route=%2Fwp%2Fv2%2Fcomments&post=20313"}],"version-history":[{"count":1,"href":"https:\/\/sezami.zacatecas.gob.mx\/index.php?rest_route=\/wp\/v2\/posts\/20313\/revisions"}],"predecessor-version":[{"id":20314,"href":"https:\/\/sezami.zacatecas.gob.mx\/index.php?rest_route=\/wp\/v2\/posts\/20313\/revisions\/20314"}],"wp:featuredmedia":[{"embeddable":true,"href":"https:\/\/sezami.zacatecas.gob.mx\/index.php?rest_route=\/wp\/v2\/media\/20304"}],"wp:attachment":[{"href":"https:\/\/sezami.zacatecas.gob.mx\/index.php?rest_route=%2Fwp%2Fv2%2Fmedia&parent=20313"}],"wp:term":[{"taxonomy":"category","embeddable":true,"href":"https:\/\/sezami.zacatecas.gob.mx\/index.php?rest_route=%2Fwp%2Fv2%2Fcategories&post=20313"},{"taxonomy":"post_tag","embeddable":true,"href":"https:\/\/sezami.zacatecas.gob.mx\/index.php?rest_route=%2Fwp%2Fv2%2Ftags&post=20313"}],"curies":[{"name":"wp","href":"https:\/\/api.w.org\/{rel}","templated":true}]}}