{"id":20229,"date":"2025-11-28T15:40:05","date_gmt":"2025-11-28T21:40:05","guid":{"rendered":"https:\/\/sezami.zacatecas.gob.mx\/?p=20229"},"modified":"2025-11-28T15:42:34","modified_gmt":"2025-11-28T21:42:34","slug":"alistan-autoridades-operativos-invierno-del-programa-heroes-paisanos-y-vehiculo-en-caravana-por-el-bienestar-2025","status":"publish","type":"post","link":"https:\/\/sezami.zacatecas.gob.mx\/?p=20229","title":{"rendered":"Alistan autoridades Operativos Invierno del Programa H\u00e9roes Paisanos y Veh\u00edculo en Caravana por el Bienestar 2025"},"content":{"rendered":"<p>&#x25aa;&#xfe0f; Los Gobiernos de M\u00e9xico y Zacatecas reforzar\u00e1n la atenci\u00f3n, seguridad y tr\u00e1nsito para las y los connacionales que ingresan a la entidad<br \/>\n&#x25aa;&#xfe0f; Autoridades de los diferentes niveles ponen en marcha acciones conjuntas para la comunidad zacatecana radicada en el exterior y sus familias<br \/>\n&#x25aa;&#xfe0f; El Gobernador David Monreal \u00c1vila refrenda su compromiso por apoyar a las y los paisanos que visitar\u00e1n sus lugares de origen<\/p>\n<p>Zacatecas, Zac., 28 de noviembre de 2025.- En cumplimiento a la instrucci\u00f3n del Gobernador David Monreal \u00c1vila de acompa\u00f1ar en la pr\u00f3xima temporada vacacional a las y los paisanos en su llegada, estancia y retorno, los Gobiernos de M\u00e9xico y Zacatecas alistan los operativos Invierno del Programa H\u00e9roes Paisanos y Veh\u00edculo en Caravana por el Bienestar 2025.<\/p>\n<p>El titular de la Secretar\u00eda del Zacatecano Migrante (Sezami), Iv\u00e1n Reyes Mill\u00e1n, inform\u00f3 que para el Operativo de Invierno 2025 del Programa H\u00e9roes Paisanos, participan instituciones de los tres niveles de gobierno, encabezados por los integrantes de la Mesa Estatal de Construcci\u00f3n de Paz.<\/p>\n<p>El operativo especial del Programa H\u00e9roes Paisanos de esta temporada inicia el 28 de noviembre de 2025 y concluye el 8 de enero de 2026. En el estado de Zacatecas se han instalado 21 m\u00f3dulos de orientaci\u00f3n, atendidos por 46 observadores voluntarios en 14 municipios.<\/p>\n<p>Dicho operativo es coordinado por la representaci\u00f3n en Zacatecas del Instituto Nacional de Migraci\u00f3n (INM) en colaboraci\u00f3n con el Gobierno Estatal, a trav\u00e9s de las dependencias involucradas, como Sezami y la Secretar\u00eda de Seguridad P\u00fablica, cuyo titular, el General Arturo Medina Mayoral, ha sido pieza fundamental en apoyar las acciones por el bienestar de la comunidad zacatecana migrante.<\/p>\n<p>As\u00ed como la Guardia Nacional (GN) Zacatecas, Fiscal\u00eda General de Justicia en el Estado (FGJE), la Fuerza de Reacci\u00f3n Inmediata Zacatecas (FRIZ), las secretar\u00edas de Salud (SSZ), de Gobernaci\u00f3n (Segob), de la Defensa Nacional (Sedena), de la Funci\u00f3n P\u00fablica (SFP) y \u00c1ngeles Verdes.<\/p>\n<p>Asimismo, la Comisi\u00f3n de Derechos Humanos del Estado de Zacatecas (CDHEZ), la Subsecretar\u00eda del Servicio Nacional del Empleo (SNE) Zacatecas, Protecci\u00f3n Civil, Direcci\u00f3n de Seguridad Vial, Procuradur\u00eda de la Defensa de Contribuyentes (Prodecon), entre otros.<\/p>\n<p>Veh\u00edculo en Caravana por el Bienestar 2025<\/p>\n<p>Reyes Mill\u00e1n, inform\u00f3 que, por indicaciones del Gobernador David Monreal \u00c1vila, por cuarto a\u00f1o consecutivo, se ha dispuesto brindar asesor\u00eda y acompa\u00f1amiento a las familias zacatecanas que viajar\u00e1n desde el exterior al estado de Zacatecas a trav\u00e9s del operativo &#8220;Veh\u00edculo en Caravana por el Bienestar 2025&#8243;.<\/p>\n<p>El Consulado General de M\u00e9xico en Eagle Pass, Texas; autoridades de dicha ciudad y corporaciones de seguridad se han sumado al acompa\u00f1amiento de los connacionales en este operativo.<\/p>\n<p>La concentraci\u00f3n de los veh\u00edculos y familias ser\u00e1 el 19 de diciembre a partir de las 10:00 de la noche para salir el 20 de diciembre, a las 5:00 de la ma\u00f1ana, en el Sports Complex, ubicado en 1325 Patsy Winn Blvd, en Eagle Pass, Texas, 78852.<\/p>\n<p>Recomend\u00f3 a las y los ciudadanos que participar\u00e1n en \u201cVeh\u00edculo en Caravana por el Bienestar&#8221; se registren en la siguiente liga https:\/\/sgi.zacatecas.gob.mx\/sezamicontigo\/remiza\/ para su control y seguimiento.<\/p>\n<p>Cabe recomendar que quienes van a viajar tramiten con anticipaci\u00f3n su permiso de importaci\u00f3n temporal vehicular y quienes no tienen la nacionalidad mexicana tramiten la Forma Migratoria M\u00faltiple (FMM).<\/p>\n<p>Durante la temporada vacacional, las y los connacionales junto a sus familias podr\u00e1n disfrutar del Festival de Luces 2025 que organiza el Gobierno Estatal a trav\u00e9s de las dependencias de la administraci\u00f3n estatal con la decoraci\u00f3n alusiva a la navidad, en espacios p\u00fablicos como plazas, plazuelas, callejones y avenidas.<\/p>\n<p>La Secretar\u00eda del Zacatecano Migrante (Sezami) mantendr\u00e1 el servicio de atenci\u00f3n para los tr\u00e1mites de los paisanos.<br \/>\n<img decoding=\"async\" class=\"aligncenter size-full wp-image-20230\" src=\"https:\/\/sezami.zacatecas.gob.mx\/wp-content\/uploads\/2025\/11\/WhatsApp-Image-2025-11-28-at-3.19.22-PM.jpeg\" alt=\"\" width=\"1600\" height=\"1066\" srcset=\"https:\/\/sezami.zacatecas.gob.mx\/wp-content\/uploads\/2025\/11\/WhatsApp-Image-2025-11-28-at-3.19.22-PM-200x133.jpeg 200w, https:\/\/sezami.zacatecas.gob.mx\/wp-content\/uploads\/2025\/11\/WhatsApp-Image-2025-11-28-at-3.19.22-PM-300x200.jpeg 300w, https:\/\/sezami.zacatecas.gob.mx\/wp-content\/uploads\/2025\/11\/WhatsApp-Image-2025-11-28-at-3.19.22-PM-400x267.jpeg 400w, https:\/\/sezami.zacatecas.gob.mx\/wp-content\/uploads\/2025\/11\/WhatsApp-Image-2025-11-28-at-3.19.22-PM-600x400.jpeg 600w, https:\/\/sezami.zacatecas.gob.mx\/wp-content\/uploads\/2025\/11\/WhatsApp-Image-2025-11-28-at-3.19.22-PM-768x512.jpeg 768w, https:\/\/sezami.zacatecas.gob.mx\/wp-content\/uploads\/2025\/11\/WhatsApp-Image-2025-11-28-at-3.19.22-PM-800x533.jpeg 800w, https:\/\/sezami.zacatecas.gob.mx\/wp-content\/uploads\/2025\/11\/WhatsApp-Image-2025-11-28-at-3.19.22-PM-1024x682.jpeg 1024w, https:\/\/sezami.zacatecas.gob.mx\/wp-content\/uploads\/2025\/11\/WhatsApp-Image-2025-11-28-at-3.19.22-PM-1200x800.jpeg 1200w, https:\/\/sezami.zacatecas.gob.mx\/wp-content\/uploads\/2025\/11\/WhatsApp-Image-2025-11-28-at-3.19.22-PM-1536x1023.jpeg 1536w, https:\/\/sezami.zacatecas.gob.mx\/wp-content\/uploads\/2025\/11\/WhatsApp-Image-2025-11-28-at-3.19.22-PM.jpeg 1600w\" sizes=\"(max-width: 1600px) 100vw, 1600px\" \/><\/p>\n<p><img decoding=\"async\" class=\"aligncenter size-fusion600 wp-image-20231\" src=\"https:\/\/sezami.zacatecas.gob.mx\/wp-content\/uploads\/2025\/11\/WhatsApp-Image-2025-11-28-at-3.19.20-PM.jpeg\" alt=\"\" width=\"1600\" height=\"1341\" srcset=\"https:\/\/sezami.zacatecas.gob.mx\/wp-content\/uploads\/2025\/11\/WhatsApp-Image-2025-11-28-at-3.19.20-PM-200x168.jpeg 200w, https:\/\/sezami.zacatecas.gob.mx\/wp-content\/uploads\/2025\/11\/WhatsApp-Image-2025-11-28-at-3.19.20-PM-300x251.jpeg 300w, https:\/\/sezami.zacatecas.gob.mx\/wp-content\/uploads\/2025\/11\/WhatsApp-Image-2025-11-28-at-3.19.20-PM-400x335.jpeg 400w, https:\/\/sezami.zacatecas.gob.mx\/wp-content\/uploads\/2025\/11\/WhatsApp-Image-2025-11-28-at-3.19.20-PM-600x503.jpeg 600w, https:\/\/sezami.zacatecas.gob.mx\/wp-content\/uploads\/2025\/11\/WhatsApp-Image-2025-11-28-at-3.19.20-PM-768x644.jpeg 768w, https:\/\/sezami.zacatecas.gob.mx\/wp-content\/uploads\/2025\/11\/WhatsApp-Image-2025-11-28-at-3.19.20-PM-800x671.jpeg 800w, https:\/\/sezami.zacatecas.gob.mx\/wp-content\/uploads\/2025\/11\/WhatsApp-Image-2025-11-28-at-3.19.20-PM-1024x858.jpeg 1024w, https:\/\/sezami.zacatecas.gob.mx\/wp-content\/uploads\/2025\/11\/WhatsApp-Image-2025-11-28-at-3.19.20-PM-1200x1006.jpeg 1200w, https:\/\/sezami.zacatecas.gob.mx\/wp-content\/uploads\/2025\/11\/WhatsApp-Image-2025-11-28-at-3.19.20-PM-1536x1287.jpeg 1536w, https:\/\/sezami.zacatecas.gob.mx\/wp-content\/uploads\/2025\/11\/WhatsApp-Image-2025-11-28-at-3.19.20-PM.jpeg 1600w\" sizes=\"(max-width: 1600px) 100vw, 1600px\" \/><br \/>\n\u2014ooOoo\u2014<\/p>\n","protected":false},"excerpt":{"rendered":"<p>&#x25aa;&#xfe0f; Los Gobiernos de M\u00e9xico y Zacatecas reforzar\u00e1n la atenci\u00f3n, [&hellip;]<\/p>\n","protected":false},"author":5,"featured_media":20230,"comment_status":"closed","ping_status":"closed","sticky":false,"template":"","format":"standard","meta":{"_eb_attr":""},"categories":[151],"tags":[],"_links":{"self":[{"href":"https:\/\/sezami.zacatecas.gob.mx\/index.php?rest_route=\/wp\/v2\/posts\/20229"}],"collection":[{"href":"https:\/\/sezami.zacatecas.gob.mx\/index.php?rest_route=\/wp\/v2\/posts"}],"about":[{"href":"https:\/\/sezami.zacatecas.gob.mx\/index.php?rest_route=\/wp\/v2\/types\/post"}],"author":[{"embeddable":true,"href":"https:\/\/sezami.zacatecas.gob.mx\/index.php?rest_route=\/wp\/v2\/users\/5"}],"replies":[{"embeddable":true,"href":"https:\/\/sezami.zacatecas.gob.mx\/index.php?rest_route=%2Fwp%2Fv2%2Fcomments&post=20229"}],"version-history":[{"count":1,"href":"https:\/\/sezami.zacatecas.gob.mx\/index.php?rest_route=\/wp\/v2\/posts\/20229\/revisions"}],"predecessor-version":[{"id":20232,"href":"https:\/\/sezami.zacatecas.gob.mx\/index.php?rest_route=\/wp\/v2\/posts\/20229\/revisions\/20232"}],"wp:featuredmedia":[{"embeddable":true,"href":"https:\/\/sezami.zacatecas.gob.mx\/index.php?rest_route=\/wp\/v2\/media\/20230"}],"wp:attachment":[{"href":"https:\/\/sezami.zacatecas.gob.mx\/index.php?rest_route=%2Fwp%2Fv2%2Fmedia&parent=20229"}],"wp:term":[{"taxonomy":"category","embeddable":true,"href":"https:\/\/sezami.zacatecas.gob.mx\/index.php?rest_route=%2Fwp%2Fv2%2Fcategories&post=20229"},{"taxonomy":"post_tag","embeddable":true,"href":"https:\/\/sezami.zacatecas.gob.mx\/index.php?rest_route=%2Fwp%2Fv2%2Ftags&post=20229"}],"curies":[{"name":"wp","href":"https:\/\/api.w.org\/{rel}","templated":true}]}}