{"id":20186,"date":"2025-10-16T08:46:42","date_gmt":"2025-10-16T14:46:42","guid":{"rendered":"https:\/\/sezami.zacatecas.gob.mx\/?p=20186"},"modified":"2025-10-16T08:46:42","modified_gmt":"2025-10-16T14:46:42","slug":"convienen-titular-de-sezami-y-primera-senadora-migrante-en-mexico-trabajo-conjunto-en-favor-de-este-sector","status":"publish","type":"post","link":"https:\/\/sezami.zacatecas.gob.mx\/?p=20186","title":{"rendered":"Convienen titular de Sezami y primera Senadora Migrante en M\u00e9xico trabajo conjunto en favor de este sector"},"content":{"rendered":"<p>Ciudad de M\u00e9xico, 15 de octubre de 2025.- Al reunirse con la primera Senadora migrante en la historia de M\u00e9xico, en el Congreso de la Uni\u00f3n, Karina Isabel Ruiz Ruiz, el titular de la Secretar\u00eda del Zacatecano Migrante (Sezami), Iv\u00e1n Reyes Mill\u00e1n, socializ\u00f3 la agenda p\u00fablica para la gobernanza migratoria que el Gobernador David Monreal \u00c1vila trabaja para el bienestar de la comunidad zacatecana migrante y sus familias.<\/p>\n<p>En esta reuni\u00f3n, el funcionario estatal detall\u00f3 actividades en las que se trabaja, fruto de la corresponsabilidad compartida entre el sector migrante y el Gobierno de Zacatecas, a trav\u00e9s de programas, acciones y servicios que han colocado al estado como un ejemplo nacional de pol\u00edticas integrales e incluyentes.<\/p>\n<p>Como parte de algunos acuerdos, establecieron trabajar de manera conjunta para fortalecer su participaci\u00f3n legislativa activa y decisiva en la vida p\u00fablica de Zacatecas y del pa\u00eds, al presidir \u00e9l la Coordinaci\u00f3n Nacional de Oficinas de Atenci\u00f3n a Migrantes (CONOFAM), que integra 29 entidades federativas; Reyes Mill\u00e1n le agradeci\u00f3 su respaldo en la comparecencia legislativa, con motivo de la Glosa del Cuarto Informe de Actividades del Gobernador David Monreal \u00c1vila.<\/p>\n<p>Karina Ruiz emigr\u00f3 a los 12 a\u00f1os de edad a EE.UU, beneficiaria del programa DACA (Acci\u00f3n Diferida para los Llegados de la Infancia); es Licenciada en bioqu\u00edmica por la Universidad Estatal de Arizona, Estados Unidos de Norteam\u00e9rica, es cient\u00edfica y activista mexicana, ha impulsado la educaci\u00f3n y defensa de las y los j\u00f3venes dreamers.<\/p>\n<p>\u2014ooOoo\u2014<\/p>\n","protected":false},"excerpt":{"rendered":"<p>Ciudad de M\u00e9xico, 15 de octubre de 2025.- Al reunirse [&hellip;]<\/p>\n","protected":false},"author":5,"featured_media":20187,"comment_status":"closed","ping_status":"closed","sticky":false,"template":"","format":"standard","meta":{"_eb_attr":""},"categories":[151],"tags":[],"_links":{"self":[{"href":"https:\/\/sezami.zacatecas.gob.mx\/index.php?rest_route=\/wp\/v2\/posts\/20186"}],"collection":[{"href":"https:\/\/sezami.zacatecas.gob.mx\/index.php?rest_route=\/wp\/v2\/posts"}],"about":[{"href":"https:\/\/sezami.zacatecas.gob.mx\/index.php?rest_route=\/wp\/v2\/types\/post"}],"author":[{"embeddable":true,"href":"https:\/\/sezami.zacatecas.gob.mx\/index.php?rest_route=\/wp\/v2\/users\/5"}],"replies":[{"embeddable":true,"href":"https:\/\/sezami.zacatecas.gob.mx\/index.php?rest_route=%2Fwp%2Fv2%2Fcomments&post=20186"}],"version-history":[{"count":1,"href":"https:\/\/sezami.zacatecas.gob.mx\/index.php?rest_route=\/wp\/v2\/posts\/20186\/revisions"}],"predecessor-version":[{"id":20188,"href":"https:\/\/sezami.zacatecas.gob.mx\/index.php?rest_route=\/wp\/v2\/posts\/20186\/revisions\/20188"}],"wp:featuredmedia":[{"embeddable":true,"href":"https:\/\/sezami.zacatecas.gob.mx\/index.php?rest_route=\/wp\/v2\/media\/20187"}],"wp:attachment":[{"href":"https:\/\/sezami.zacatecas.gob.mx\/index.php?rest_route=%2Fwp%2Fv2%2Fmedia&parent=20186"}],"wp:term":[{"taxonomy":"category","embeddable":true,"href":"https:\/\/sezami.zacatecas.gob.mx\/index.php?rest_route=%2Fwp%2Fv2%2Fcategories&post=20186"},{"taxonomy":"post_tag","embeddable":true,"href":"https:\/\/sezami.zacatecas.gob.mx\/index.php?rest_route=%2Fwp%2Fv2%2Ftags&post=20186"}],"curies":[{"name":"wp","href":"https:\/\/api.w.org\/{rel}","templated":true}]}}