{"id":20165,"date":"2025-10-05T10:43:13","date_gmt":"2025-10-05T16:43:13","guid":{"rendered":"https:\/\/sezami.zacatecas.gob.mx\/?p=20165"},"modified":"2025-10-06T10:52:01","modified_gmt":"2025-10-06T16:52:01","slug":"refrenda-gobierno-de-zacatecas-respaldo-a-la-comunidad-zacatecana-radicada-en-chicago-illinois","status":"publish","type":"post","link":"https:\/\/sezami.zacatecas.gob.mx\/?p=20165","title":{"rendered":"Refrenda Gobierno de Zacatecas respaldo a la comunidad zacatecana radicada en Chicago, Illinois"},"content":{"rendered":"<ul>\n<li>\u00a0La Federaci\u00f3n Unidos por Zacatecas en Illinois celebr\u00f3 su 14 aniversario<\/li>\n<li>Rindi\u00f3 protesta la nueva mesa directiva que preside Jaime Polanco<\/li>\n<li>En representaci\u00f3n del Gobernador David Monreal, el titular de Sezami, Iv\u00e1n Reyes, encabez\u00f3 la fiesta anual<\/li>\n<\/ul>\n<p>Chicago, Illinois, EE.UU,. 5 de octubre de 2025.- Al encabezar el 14 aniversario de la Federaci\u00f3n Unidos por Zacatecas en Illinois, en representaci\u00f3n del mandatario David Monreal \u00c1vila, el titular de la Secretar\u00eda del Zacatecano Migrante (Sezami), Iv\u00e1n Reyes Mill\u00e1n, refrend\u00f3 el respaldo del Gobernador y su gobierno a la comunidad zacatecana radicada en el extranjero ante la situaci\u00f3n que prevalece en Estados Unidos (EE.UU).<\/p>\n<p>\u201cSon tiempos de mantener el sentido comunitario y de no olvidar lo que los motiv\u00f3 a formar un club y luego una Federaci\u00f3n que, como dice su nombre, mantengan la unidad y el apoyo entre ustedes para seguir enalteciendo a M\u00e9xico y a Zacatecas y para ello cuentan con su Gobernador David Monreal y su gobierno\u201d, subray\u00f3.<\/p>\n<p>En este d\u00e9cimo cuarto aniversario, se realiz\u00f3 el cambio de mesa directiva asumiendo el cargo de Presidente, Jaime Polanco, originario del municipio de Trinidad Garc\u00eda de la Cadena, a quienes el secretario Iv\u00e1n Reyes les tom\u00f3 la protesta y los felicit\u00f3 por llegar a una federaci\u00f3n que aglutina a zacatecanos oriundos de Villanueva, Zacatecas, Villa Hidalgo, Joaqu\u00edn Amaro, Trinidad Garc\u00eda de la Cadena, Monte Escobedo, Tepetongo y R\u00edo Grande.<\/p>\n<p>Reconoci\u00f3 a la mesa directiva saliente y a Luis Acosta quien durante 10 a\u00f1os estuvo al frente de la Federaci\u00f3n, \u201csu trabajo y dedicaci\u00f3n han logrado una organizaci\u00f3n que trabaja por fortalecer en el exterior sus ra\u00edces mexicanas y zacatecanas\u201d.<\/p>\n<p>Al dirigir su mensaje, Jaime Polanco presidente entrante, afirm\u00f3 que como migrantes son parte fundamental de la fuerza y el esp\u00edritu que mueve esta ciudad.<\/p>\n<p>\u201cLa migraci\u00f3n no es un delito, es un sacrificio, cada d\u00eda salimos a trabajar a las calles, la construcci\u00f3n, los restaurantes, en las yardas, en el campos, lavando ventanas, demostramos que somos gente de valor y que nunca se rinde, por eso debemos mantenernos unidos, hombro a hombro, apoy\u00e1ndonos unos a otros, porque cuando estamos juntos, somos m\u00e1s fuertes\u201d, a\u00f1adi\u00f3.<\/p>\n<p>Como presidente de la Federaci\u00f3n, Jaime Polanco asumi\u00f3 el compromiso de fortalecer el trabajo unido con todos, de la mano y en equipo con los gobiernos para reforzar los programas y los servicios que se tiene para la comunidad migrante y sus familias.<\/p>\n<p>Agradeci\u00f3 al Club La Barranca, a la mesa directiva saliente y entrante por permitirle colaborar y aportar su granito de arena para mejorar sus comunidades, porque s\u00f3lo de la mano, en unidad y respeto lograr\u00e1n cambios reales en beneficio de ellos y sus familias en Estados Unidos y en su querido Zacatecas.<\/p>\n<p>Desde la ciudad de los vientos, Jaime Polanco exhort\u00f3 a los paisanos a seguir adelante con orgullo, con unidad y con la esperanza de que un d\u00eda su sacrificio ser\u00e1 reconocido no solo aqu\u00ed sino en su tierra.<\/p>\n<p>Durante la celebraci\u00f3n, a nombre del Gobierno de Zacatecas el secretario Iv\u00e1n Reyes entreg\u00f3 el galard\u00f3n como \u201cZacatecana del A\u00f1o 2025\u201d a Evelia Silva, y como \u201cM\u00e9rito Migrante 2025\u201d a Elisa Carlos Olivo; adem\u00e1s fueron reconocidos como j\u00f3venes destacados: Yareli Medina y Diego Larios.<\/p>\n<p>Asimismo, se coron\u00f3 a Melissa Mu\u00f1et\u00f3n D\u00e1vila como reina de la Federaci\u00f3n, y se agradeci\u00f3 el trabajo de la reina saliente Yarely Medina.<\/p>\n<p>\u2014ooOoo\u2014<\/p>\n","protected":false},"excerpt":{"rendered":"<p>\u00a0La Federaci\u00f3n Unidos por Zacatecas en Illinois celebr\u00f3 su 14 [&hellip;]<\/p>\n","protected":false},"author":5,"featured_media":20168,"comment_status":"closed","ping_status":"closed","sticky":false,"template":"","format":"standard","meta":{"_eb_attr":""},"categories":[151],"tags":[],"_links":{"self":[{"href":"https:\/\/sezami.zacatecas.gob.mx\/index.php?rest_route=\/wp\/v2\/posts\/20165"}],"collection":[{"href":"https:\/\/sezami.zacatecas.gob.mx\/index.php?rest_route=\/wp\/v2\/posts"}],"about":[{"href":"https:\/\/sezami.zacatecas.gob.mx\/index.php?rest_route=\/wp\/v2\/types\/post"}],"author":[{"embeddable":true,"href":"https:\/\/sezami.zacatecas.gob.mx\/index.php?rest_route=\/wp\/v2\/users\/5"}],"replies":[{"embeddable":true,"href":"https:\/\/sezami.zacatecas.gob.mx\/index.php?rest_route=%2Fwp%2Fv2%2Fcomments&post=20165"}],"version-history":[{"count":1,"href":"https:\/\/sezami.zacatecas.gob.mx\/index.php?rest_route=\/wp\/v2\/posts\/20165\/revisions"}],"predecessor-version":[{"id":20170,"href":"https:\/\/sezami.zacatecas.gob.mx\/index.php?rest_route=\/wp\/v2\/posts\/20165\/revisions\/20170"}],"wp:featuredmedia":[{"embeddable":true,"href":"https:\/\/sezami.zacatecas.gob.mx\/index.php?rest_route=\/wp\/v2\/media\/20168"}],"wp:attachment":[{"href":"https:\/\/sezami.zacatecas.gob.mx\/index.php?rest_route=%2Fwp%2Fv2%2Fmedia&parent=20165"}],"wp:term":[{"taxonomy":"category","embeddable":true,"href":"https:\/\/sezami.zacatecas.gob.mx\/index.php?rest_route=%2Fwp%2Fv2%2Fcategories&post=20165"},{"taxonomy":"post_tag","embeddable":true,"href":"https:\/\/sezami.zacatecas.gob.mx\/index.php?rest_route=%2Fwp%2Fv2%2Ftags&post=20165"}],"curies":[{"name":"wp","href":"https:\/\/api.w.org\/{rel}","templated":true}]}}