{"id":20156,"date":"2025-09-23T12:56:31","date_gmt":"2025-09-23T18:56:31","guid":{"rendered":"https:\/\/sezami.zacatecas.gob.mx\/?p=20156"},"modified":"2025-09-23T12:56:31","modified_gmt":"2025-09-23T18:56:31","slug":"gobierno-de-zacatecas-lanza-convocatoria-del-concurso-binacional-dibujando-una-historia-de-migracion-2025","status":"publish","type":"post","link":"https:\/\/sezami.zacatecas.gob.mx\/?p=20156","title":{"rendered":"Gobierno de Zacatecas lanza convocatoria del Concurso Binacional \u201cDibujando una Historia de Migraci\u00f3n 2025\u201d"},"content":{"rendered":"<p>&#x25aa;&#xfe0f;  La convocatoria estar\u00e1 vigente hasta el 3 de noviembre del presente a\u00f1o<br \/>\n&#x25aa;&#xfe0f;  La ceremonia de premiaci\u00f3n se llevar\u00e1 a cabo el 5 de diciembre de 2025<\/p>\n<p>Zacatecas, Zac., 22 de septiembre de 2025.- El Gobierno de Zacatecas, que encabeza el mandatario David Monreal \u00c1vila, a trav\u00e9s del Sistema Estatal para el Desarrollo Integral de la Familia (SEDIF) y la Secretar\u00eda del Zacatecano Migrante, anunciaron el Concurso Binacional \u201cDibujando una Historia de Migraci\u00f3n 2025\u201d, con el objetivo de promover la creatividad, la identidad y el derecho a la movilidad humana entre ni\u00f1as, ni\u00f1os y adolescentes zacatecanos, tanto en el estado como en el extranjero.<\/p>\n<p>La Presidenta Honor\u00edfica del Sistema Estatal para el Desarrollo Integral de la Familia (SEDIF), Sara Hern\u00e1ndez de Monreal, explic\u00f3 que el certamen est\u00e1 dirigido a ni\u00f1as, ni\u00f1os y adolescentes de Zacatecas, as\u00ed como a quienes radican en Estados Unidos y tienen origen zacatecano.<\/p>\n<p>&#8220;Se trata de una invitaci\u00f3n a reflexionar y expresar, por medio del dibujo, las experiencias propias o familiares relacionadas con la migraci\u00f3n, fortaleciendo as\u00ed los v\u00ednculos entre generaciones y territorios&#8221;, dijo.<\/p>\n<p>La convocatoria estar\u00e1 vigente hasta el 3 de noviembre del presente a\u00f1o, fecha l\u00edmite para recibir los dibujos, en donde podr\u00e1n participar ni\u00f1as, ni\u00f1os y adolescentes con edades de 6 a 15 a\u00f1os, divididos en: Categor\u00eda Infantil, dirigida a participantes de 6 a 12 a\u00f1os y Categor\u00eda Adolescente, para quienes tienen entre 13 y 15 a\u00f1os.<\/p>\n<p>En el evento, en el que particip\u00f3 el Secretario del Zacatecano Migrante, Iv\u00e1n Reyes Mill\u00e1n, y la titular de la Subdirecci\u00f3n de Atenci\u00f3n a Grupos Prioritarios del SEDIF, Rosa Esther Renter\u00eda, se dio a conocer que cada concursante podr\u00e1 participar con un solo dibujo original, el cual debe abordar el tema \u201cJuntos dibujamos por nuestro bienestar\u201d. <\/p>\n<p>La recepci\u00f3n de los trabajos se realizar\u00e1 de lunes a viernes, en un horario de 8:30 a 15:00 horas, en el Sistema Estatal y Municipales DIF, as\u00ed como en las oficinas de la Secretar\u00eda del Zacatecano Migrante. <\/p>\n<p>La recepci\u00f3n cerrar\u00e1 el viernes 3 de noviembre de 2025. Los resultados del concurso ser\u00e1n dados a conocer a trav\u00e9s de los enlaces municipales para la comunidad migrante y mediante las redes sociales oficiales. <\/p>\n<p>Las y los ganadores ser\u00e1n contactados directamente para brindarles la informaci\u00f3n correspondiente.<\/p>\n<p>Finalmente, se inform\u00f3 que la ceremonia de premiaci\u00f3n se llevar\u00e1 a cabo el 5 de diciembre de 2025; el lugar y hora del evento ser\u00e1n informados con antelaci\u00f3n a las personas ganadoras.<\/p>\n<p>Con esta iniciativa, el Gobierno de Zacatecas busca reconocer la voz de la infancia y adolescencia, as\u00ed como promover una cultura de respeto, identidad y pertenencia, sin importar el lugar de residencia.<\/p>\n<p>\u2014ooOoo\u2014<\/p>\n","protected":false},"excerpt":{"rendered":"<p>&#x25aa;&#xfe0f; La convocatoria estar\u00e1 vigente hasta el 3 de noviembre [&hellip;]<\/p>\n","protected":false},"author":5,"featured_media":20158,"comment_status":"closed","ping_status":"closed","sticky":false,"template":"","format":"standard","meta":{"_eb_attr":""},"categories":[151],"tags":[],"_links":{"self":[{"href":"https:\/\/sezami.zacatecas.gob.mx\/index.php?rest_route=\/wp\/v2\/posts\/20156"}],"collection":[{"href":"https:\/\/sezami.zacatecas.gob.mx\/index.php?rest_route=\/wp\/v2\/posts"}],"about":[{"href":"https:\/\/sezami.zacatecas.gob.mx\/index.php?rest_route=\/wp\/v2\/types\/post"}],"author":[{"embeddable":true,"href":"https:\/\/sezami.zacatecas.gob.mx\/index.php?rest_route=\/wp\/v2\/users\/5"}],"replies":[{"embeddable":true,"href":"https:\/\/sezami.zacatecas.gob.mx\/index.php?rest_route=%2Fwp%2Fv2%2Fcomments&post=20156"}],"version-history":[{"count":1,"href":"https:\/\/sezami.zacatecas.gob.mx\/index.php?rest_route=\/wp\/v2\/posts\/20156\/revisions"}],"predecessor-version":[{"id":20159,"href":"https:\/\/sezami.zacatecas.gob.mx\/index.php?rest_route=\/wp\/v2\/posts\/20156\/revisions\/20159"}],"wp:featuredmedia":[{"embeddable":true,"href":"https:\/\/sezami.zacatecas.gob.mx\/index.php?rest_route=\/wp\/v2\/media\/20158"}],"wp:attachment":[{"href":"https:\/\/sezami.zacatecas.gob.mx\/index.php?rest_route=%2Fwp%2Fv2%2Fmedia&parent=20156"}],"wp:term":[{"taxonomy":"category","embeddable":true,"href":"https:\/\/sezami.zacatecas.gob.mx\/index.php?rest_route=%2Fwp%2Fv2%2Fcategories&post=20156"},{"taxonomy":"post_tag","embeddable":true,"href":"https:\/\/sezami.zacatecas.gob.mx\/index.php?rest_route=%2Fwp%2Fv2%2Ftags&post=20156"}],"curies":[{"name":"wp","href":"https:\/\/api.w.org\/{rel}","templated":true}]}}