{"id":17575,"date":"2022-11-15T12:49:00","date_gmt":"2022-11-15T18:49:00","guid":{"rendered":"https:\/\/sezami.zacatecas.gob.mx\/?p=17575"},"modified":"2022-11-16T00:58:28","modified_gmt":"2022-11-16T06:58:28","slug":"gobiernos-de-mexico-y-zacatecas-daran-acompanamiento-institucional-a-la-caravana-de-paisanos-2022","status":"publish","type":"post","link":"https:\/\/sezami.zacatecas.gob.mx\/?p=17575","title":{"rendered":"Gobiernos de M\u00e9xico y Zacatecas dar\u00e1n acompa\u00f1amiento institucional a la caravana de paisanos 2022"},"content":{"rendered":"<ul>\n<li><b><i>Desde hace semanas trabajan en conjunto INM y Sezami con autoridades consulares mexicanas en Laredo<br>\n<\/i><\/b><\/li>\n<li><b><i>El punto de reuni\u00f3n ser\u00e1 el 16 de diciembre, para salir al d\u00eda siguiente<br>\n<\/i><\/b><\/li>\n<li><b><i>El registro y acompa\u00f1amiento a la caravana es gratuito y abierto a toda la comunidad zacatecana migrante<br>\n<\/i><\/b><\/li>\n<li><b><i>Se habilit\u00f3 una p\u00e1gina de registro y de recomendaciones para los paisanos<br>\n<\/i><\/b><\/li>\n<\/ul>\n<p><b><i>Zacatecas, Zac., 15 de noviembre de 2022.-<\/i><\/b>&nbsp;Los gobiernos de M\u00e9xico y de Zacatecas, a trav\u00e9s del Instituto Nacional de Migraci\u00f3n (INM) representaci\u00f3n estatal y de la Secretar\u00eda del Zacatecano Migrante (Sezami), en coordinaci\u00f3n con autoridades consulares y de seguridad, dar\u00e1n acompa\u00f1amiento institucional a la caravana de paisanos que viajen en la pr\u00f3xima temporada decembrina.<\/p>\n<p>As\u00ed se inform\u00f3 en reuni\u00f3n de coordinaci\u00f3n, encabezada por Iv\u00e1n Reyes Mill\u00e1n, secretario del Zacatecano Migrante, y el General Jos\u00e9 de Jes\u00fas Barajas Santos, titular de la Oficina de Representaci\u00f3n en Zacatecas del INM, con las representaciones de las secretar\u00edas de la Defensa Nacional y de Seguridad P\u00fablica estatal, de los \u00c1ngeles Verdes y del Municipio de R\u00edo Grande.<\/p>\n<p>Se trata, de fortalecer la caravana de veh\u00edculos, del pr\u00f3ximo 17 de diciembre, donde viajan paisanos desde Estados Unidos (EEUU) hasta los municipios de origen en Zacatecas.<\/p>\n<p>Iv\u00e1n Reyes Mill\u00e1n, titular de la Sezami, inform\u00f3 que para dar orden tanto al ocupar el lugar de la concentraci\u00f3n de veh\u00edculos, como la salida, trayecto e ingreso a territorio mexicano, se solicit\u00f3 al Consulado General de M\u00e9xico en Laredo apoyo para coordinarse con autoridades de seguridad en EEUU.<\/p>\n<p>\u201cY s\u00ed hay respuesta positiva para trabajar conjuntamente en esa caravana que permita a los paisanos acompa\u00f1amiento seguro y ordenado\u201d. Adem\u00e1s, se identificar\u00e1 a los veh\u00edculos con una calcoman\u00eda \u201cVeh\u00edculo en Caravana\u201d y desde hoy se estar\u00e1 difundiendo una serie de recomendaciones para que con tiempo realicen los tr\u00e1mites que necesitan para su salida de EEUU y su ingreso a M\u00e9xico.<\/p>\n<p>Tambi\u00e9n, precis\u00f3 que, al igual que el a\u00f1o pasado, se habilit\u00f3 la p\u00e1gina de registro https:\/\/sezami.zacatecas.gob.mx\/remiza\/ para un control interno sobre el n\u00famero de personas y unidades que participar\u00e1n en la caravana.<\/p>\n<p>Esta convocatoria institucional de las autoridades gubernamentales, para que se unan los paisanos que planean viajar a Zacatecas, es abierta y gratuita para toda la comunidad zacatecana migrante, la cual deber\u00e1 cumplir con sus obligaciones ante quien corresponda como Aduanas, Banjercito y\/o INM.<\/p>\n<p>\u201cDaremos acompa\u00f1amiento desde la concentraci\u00f3n, salida e ingreso a territorio mexicano y zacatecano para que sea sencillo, seguro y ordenado\u201d.<\/p>\n<p>La fecha de la caravana es el 16 de diciembre punto de reuni\u00f3n en 1600 Water St. Lareto, Texas 78040 y la salida ser\u00e1 el d\u00eda 17.<\/p>\n<p style=\"text-align: center;\"><b>\u2014ooOoo\u2014<\/b><\/p>\n\n\n<figure class=\"is-layout-flex wp-block-gallery-1 wp-block-gallery has-nested-images columns-default is-cropped\">\n<figure class=\"wp-block-image size-large\"><img decoding=\"async\" width=\"800\" height=\"471\" data-id=\"17580\"  src=\"https:\/\/sezami.zacatecas.gob.mx\/wp-content\/uploads\/2022\/11\/2-1.jpeg\" alt=\"\" class=\"wp-image-17580\" srcset=\"https:\/\/sezami.zacatecas.gob.mx\/wp-content\/uploads\/2022\/11\/2-1-200x118.jpeg 200w, https:\/\/sezami.zacatecas.gob.mx\/wp-content\/uploads\/2022\/11\/2-1-300x177.jpeg 300w, https:\/\/sezami.zacatecas.gob.mx\/wp-content\/uploads\/2022\/11\/2-1-400x236.jpeg 400w, https:\/\/sezami.zacatecas.gob.mx\/wp-content\/uploads\/2022\/11\/2-1-600x353.jpeg 600w, https:\/\/sezami.zacatecas.gob.mx\/wp-content\/uploads\/2022\/11\/2-1-768x452.jpeg 768w, https:\/\/sezami.zacatecas.gob.mx\/wp-content\/uploads\/2022\/11\/2-1.jpeg 800w\" sizes=\"(max-width: 800px) 100vw, 800px\" \/><\/figure>\n\n\n\n<figure class=\"wp-block-image size-large\"><img decoding=\"async\" width=\"800\" height=\"406\" data-id=\"17582\"  src=\"https:\/\/sezami.zacatecas.gob.mx\/wp-content\/uploads\/2022\/11\/3.jpeg\" alt=\"\" class=\"wp-image-17582\" srcset=\"https:\/\/sezami.zacatecas.gob.mx\/wp-content\/uploads\/2022\/11\/3-200x102.jpeg 200w, https:\/\/sezami.zacatecas.gob.mx\/wp-content\/uploads\/2022\/11\/3-300x152.jpeg 300w, https:\/\/sezami.zacatecas.gob.mx\/wp-content\/uploads\/2022\/11\/3-400x203.jpeg 400w, https:\/\/sezami.zacatecas.gob.mx\/wp-content\/uploads\/2022\/11\/3-600x305.jpeg 600w, https:\/\/sezami.zacatecas.gob.mx\/wp-content\/uploads\/2022\/11\/3-768x390.jpeg 768w, https:\/\/sezami.zacatecas.gob.mx\/wp-content\/uploads\/2022\/11\/3.jpeg 800w\" sizes=\"(max-width: 800px) 100vw, 800px\" \/><\/figure>\n\n\n\n<figure class=\"wp-block-image size-large\"><img decoding=\"async\" width=\"800\" height=\"419\" data-id=\"17581\"  src=\"https:\/\/sezami.zacatecas.gob.mx\/wp-content\/uploads\/2022\/11\/4-1.jpeg\" alt=\"\" class=\"wp-image-17581\" srcset=\"https:\/\/sezami.zacatecas.gob.mx\/wp-content\/uploads\/2022\/11\/4-1-200x105.jpeg 200w, https:\/\/sezami.zacatecas.gob.mx\/wp-content\/uploads\/2022\/11\/4-1-300x157.jpeg 300w, https:\/\/sezami.zacatecas.gob.mx\/wp-content\/uploads\/2022\/11\/4-1-400x210.jpeg 400w, https:\/\/sezami.zacatecas.gob.mx\/wp-content\/uploads\/2022\/11\/4-1-600x314.jpeg 600w, https:\/\/sezami.zacatecas.gob.mx\/wp-content\/uploads\/2022\/11\/4-1-768x402.jpeg 768w, https:\/\/sezami.zacatecas.gob.mx\/wp-content\/uploads\/2022\/11\/4-1.jpeg 800w\" sizes=\"(max-width: 800px) 100vw, 800px\" \/><\/figure>\n<\/figure>\n","protected":false},"excerpt":{"rendered":"<p>Desde hace semanas trabajan en conjunto INM y Sezami con [&hellip;]<\/p>\n","protected":false},"author":6,"featured_media":17578,"comment_status":"closed","ping_status":"closed","sticky":false,"template":"","format":"standard","meta":{"_eb_attr":""},"categories":[151],"tags":[],"_links":{"self":[{"href":"https:\/\/sezami.zacatecas.gob.mx\/index.php?rest_route=\/wp\/v2\/posts\/17575"}],"collection":[{"href":"https:\/\/sezami.zacatecas.gob.mx\/index.php?rest_route=\/wp\/v2\/posts"}],"about":[{"href":"https:\/\/sezami.zacatecas.gob.mx\/index.php?rest_route=\/wp\/v2\/types\/post"}],"author":[{"embeddable":true,"href":"https:\/\/sezami.zacatecas.gob.mx\/index.php?rest_route=\/wp\/v2\/users\/6"}],"replies":[{"embeddable":true,"href":"https:\/\/sezami.zacatecas.gob.mx\/index.php?rest_route=%2Fwp%2Fv2%2Fcomments&post=17575"}],"version-history":[{"count":3,"href":"https:\/\/sezami.zacatecas.gob.mx\/index.php?rest_route=\/wp\/v2\/posts\/17575\/revisions"}],"predecessor-version":[{"id":17583,"href":"https:\/\/sezami.zacatecas.gob.mx\/index.php?rest_route=\/wp\/v2\/posts\/17575\/revisions\/17583"}],"wp:featuredmedia":[{"embeddable":true,"href":"https:\/\/sezami.zacatecas.gob.mx\/index.php?rest_route=\/wp\/v2\/media\/17578"}],"wp:attachment":[{"href":"https:\/\/sezami.zacatecas.gob.mx\/index.php?rest_route=%2Fwp%2Fv2%2Fmedia&parent=17575"}],"wp:term":[{"taxonomy":"category","embeddable":true,"href":"https:\/\/sezami.zacatecas.gob.mx\/index.php?rest_route=%2Fwp%2Fv2%2Fcategories&post=17575"},{"taxonomy":"post_tag","embeddable":true,"href":"https:\/\/sezami.zacatecas.gob.mx\/index.php?rest_route=%2Fwp%2Fv2%2Ftags&post=17575"}],"curies":[{"name":"wp","href":"https:\/\/api.w.org\/{rel}","templated":true}]}}