{"id":17414,"date":"2022-09-10T05:04:42","date_gmt":"2022-09-10T10:04:42","guid":{"rendered":"https:\/\/sezami.zacatecas.gob.mx\/?p=17414"},"modified":"2022-09-12T05:32:35","modified_gmt":"2022-09-12T10:32:35","slug":"continuara-gobierno-de-zacatecas-respaldo-y-trabajo-con-la-comunidad-migrante","status":"publish","type":"post","link":"https:\/\/sezami.zacatecas.gob.mx\/?p=17414","title":{"rendered":"Continuar\u00e1 Gobierno de Zacatecas respaldo y trabajo con la comunidad migrante"},"content":{"rendered":"<ul>\r\n<li><strong><em>Sara Hern\u00e1ndez de Monreal, presidenta honorifica del SEDIF, presidi\u00f3 la Conmemoraci\u00f3n del D\u00eda de la Zacatecana y el Zacatecano Migrante<\/em><\/strong><\/li>\r\n<li><strong><em>Gobierno de Zacatecas, a trav\u00e9s de la Sezami, entreg\u00f3 reconocimientos \u201cAdalid Cantera y Plata\u201d a J. Guadalupe Rodr\u00edguez Campos y a Florencia Trejo Aguilar, en su modalidad Mujeres Migrantes Transformando Zacatecas, por su trayectoria y trabajo comunitario<\/em><\/strong><\/li>\r\n<li><strong><em>La artista zacatecana Gloria Hidrogo tambi\u00e9n recibi\u00f3 reconocimiento por su aportaci\u00f3n art\u00edstica <\/em><\/strong><\/li>\r\n<\/ul>\r\n<p><strong><em>\u00a0<\/em><\/strong><\/p>\r\n<p><strong><em>Zacatecas, Zac., 10 de septiembre de 2022.- <\/em><\/strong>En la ceremonia conmemorativa del D\u00eda de la Zacatecana y el Zacatecano Migrante, Sara Hern\u00e1ndez de Monreal, presidenta honor\u00edfica del Sistema Estatal para el Desarrollo Integral de la Familia (SEDIF), asumi\u00f3 el compromiso de la administraci\u00f3n estatal con la comunidad migrante de seguir respaldando sus acciones y trabajar de la mano, \u201custedes no est\u00e1n solos, tienen un Gobernador aliado y sensible a sus necesidades\u201d.<\/p>\r\n<p>&nbsp;<\/p>\r\n<p>Al presidir la celebraci\u00f3n de reconocimiento a la comunidad zacatecana migrante, Sara Hern\u00e1ndez de Monreal les pidi\u00f3 no trabajar de forma aislada, sino juntos en beneficio de todos para fortalecernos y tener un impacto social mayor.<\/p>\r\n<p>&nbsp;<\/p>\r\n<p>Agradeci\u00f3 la hermandad y coordinaci\u00f3n de las organizaciones migrantes para apoyar los grupos prioritarios, \u201ctengan la seguridad que todo lo que ustedes nos donan llega a los grupos vulnerables, como son las mujeres, los ni\u00f1os, los adolescentes y de la tercera edad\u201d.<\/p>\r\n<p>&nbsp;<\/p>\r\n<p>Ante l\u00edderes zacatecanos radicados en Texas, California, Colorado, Nevada, Oklahoma, Illinois, en Estados Unidos y en el interior del pa\u00eds, como Ciudad de M\u00e9xico y Nuevo Le\u00f3n, reiter\u00f3 su disposici\u00f3n de trabajar con ellos para lograr grandes cambios en Zacatecas.<\/p>\r\n<p>&nbsp;<\/p>\r\n<p>Invit\u00f3 a los presentes a difundir la Convocatoria del dibujo infantil \u201cDibujando una Historia de Migraci\u00f3n\u201d para que las y los ni\u00f1os participen y hagan llegar sus aportaciones. Del cual, se devel\u00f3 el cartel.<\/p>\r\n<p>&nbsp;<\/p>\r\n<p>En este acto conmemorativo del D\u00eda del Migrante Zacatecano, a sus 19 a\u00f1os de su declaraci\u00f3n, se entreg\u00f3 a la zacatecana migrante, Florencia Trejo Aguilar, el reconocimiento Adalid Cantera y Plata en su categor\u00eda \u201cMujeres Migrantes Transformando Zacatecas\u201d; y al zacatecano migrante, J. Guadalupe Rodr\u00edguez Campos, el reconocimiento Adalid Cantera y Plata, por sus trayectorias y trabajo comunitario en beneficio de su gente y lugar de origen.<\/p>\r\n<p>&nbsp;<\/p>\r\n<p>Asimismo, se entreg\u00f3 un reconocimiento a la zacatecana Gloria Hidrogo, por su aportaci\u00f3n art\u00edstica.<\/p>\r\n<p>&nbsp;<\/p>\r\n<p>El Secretario del Zacatecano Migrante, Iv\u00e1n Reyes Mill\u00e1n, agradeci\u00f3 la presencia de las zacatecanas y los zacatecanos migrantes. \u201cDesde el Gobierno que encabeza David Monreal, continuaremos fortaleciendo los lazos con las y los migrantes, mediante pol\u00edticas con un enfoque migrante que consoliden a\u00fan m\u00e1s sus lazos con Zacatecas\u201d.<\/p>\r\n<p>&nbsp;<\/p>\r\n<p>El Secretario de Turismo, Le Roy Barrag\u00e1n Ocampo, en representaci\u00f3n del Gobernador David Monreal, reiter\u00f3 la disposici\u00f3n del Titular del Ejecutivo para trabajar con todas y todos los zacatecanos migrantes.<\/p>\r\n<p>&nbsp;<\/p>\r\n<p>\u201cLes pedimos que no decaiga el \u00e1nimo, que crezcan m\u00e1s los clubes, que haya m\u00e1s actividad; s\u00e9 que hay mucho esfuerzo, pero nuestras comunidades y municipios valen la pena, porque nuestras comunidades y municipios sobreviven por ustedes y jam\u00e1s se olvidan de su Zacatecas querido\u201d.<\/p>\r\n<p>&nbsp;<\/p>\r\n<p>Les adelant\u00f3 que en California se va a llevar a cabo el Tianguis Tur\u00edstico de M\u00e9xico de Pueblos M\u00e1gicos, como propuesta de la Secretar\u00eda de Turismo de Zacatecas; \u201cel estado va a dejar huella con la presencia de ustedes en este importante evento\u201d.<\/p>\r\n<p>&nbsp;<\/p>\r\n<p>Asistieron, el Director del Instituto de los Mexicanos en el Exterior (IME), Luis Guti\u00e9rrez Reyes; las secretarias de la Funci\u00f3n P\u00fablica y de las Mujeres, Humbelina Elizabeth L\u00f3pez Loera y Zaira Ivonne Villagrana; as\u00ed como el diputado Jos\u00e9 Juan Estrada Hern\u00e1ndez, presidente de la Comisi\u00f3n de Atenci\u00f3n a Migrantes de la LXIV Legislatura del Estado.<\/p>\r\n<p>&nbsp;<\/p>\r\n<p style=\"text-align: center;\"><strong>\u2014ooOoo\u2014<\/strong><\/p>\r\n\r\n<figure class=\"wp-block-image size-large\"><img decoding=\"async\" width=\"1024\" height=\"682\" class=\"wp-image-17421\" src=\"https:\/\/sezami.zacatecas.gob.mx\/wp-content\/uploads\/2022\/09\/SZM-4-1024x682.jpg\" alt=\"\" srcset=\"https:\/\/sezami.zacatecas.gob.mx\/wp-content\/uploads\/2022\/09\/SZM-4-200x133.jpg 200w, https:\/\/sezami.zacatecas.gob.mx\/wp-content\/uploads\/2022\/09\/SZM-4-300x200.jpg 300w, https:\/\/sezami.zacatecas.gob.mx\/wp-content\/uploads\/2022\/09\/SZM-4-400x267.jpg 400w, https:\/\/sezami.zacatecas.gob.mx\/wp-content\/uploads\/2022\/09\/SZM-4-600x400.jpg 600w, https:\/\/sezami.zacatecas.gob.mx\/wp-content\/uploads\/2022\/09\/SZM-4-768x512.jpg 768w, https:\/\/sezami.zacatecas.gob.mx\/wp-content\/uploads\/2022\/09\/SZM-4-800x533.jpg 800w, https:\/\/sezami.zacatecas.gob.mx\/wp-content\/uploads\/2022\/09\/SZM-4-1024x682.jpg 1024w, https:\/\/sezami.zacatecas.gob.mx\/wp-content\/uploads\/2022\/09\/SZM-4-1200x800.jpg 1200w, https:\/\/sezami.zacatecas.gob.mx\/wp-content\/uploads\/2022\/09\/SZM-4.jpg 1280w\" sizes=\"(max-width: 1024px) 100vw, 1024px\" \/><\/figure>\r\n\r\n\r\n\r\n<figure class=\"wp-block-image size-large\"><img decoding=\"async\" width=\"1024\" height=\"682\" class=\"wp-image-17422\" src=\"https:\/\/sezami.zacatecas.gob.mx\/wp-content\/uploads\/2022\/09\/SZM-5-1024x682.jpg\" alt=\"\" srcset=\"https:\/\/sezami.zacatecas.gob.mx\/wp-content\/uploads\/2022\/09\/SZM-5-200x133.jpg 200w, https:\/\/sezami.zacatecas.gob.mx\/wp-content\/uploads\/2022\/09\/SZM-5-300x200.jpg 300w, https:\/\/sezami.zacatecas.gob.mx\/wp-content\/uploads\/2022\/09\/SZM-5-400x267.jpg 400w, https:\/\/sezami.zacatecas.gob.mx\/wp-content\/uploads\/2022\/09\/SZM-5-600x400.jpg 600w, https:\/\/sezami.zacatecas.gob.mx\/wp-content\/uploads\/2022\/09\/SZM-5-768x512.jpg 768w, https:\/\/sezami.zacatecas.gob.mx\/wp-content\/uploads\/2022\/09\/SZM-5-800x533.jpg 800w, https:\/\/sezami.zacatecas.gob.mx\/wp-content\/uploads\/2022\/09\/SZM-5-1024x682.jpg 1024w, https:\/\/sezami.zacatecas.gob.mx\/wp-content\/uploads\/2022\/09\/SZM-5-1200x800.jpg 1200w, https:\/\/sezami.zacatecas.gob.mx\/wp-content\/uploads\/2022\/09\/SZM-5.jpg 1280w\" sizes=\"(max-width: 1024px) 100vw, 1024px\" \/><\/figure>\r\n\r\n\r\n\r\n<figure class=\"wp-block-image size-large\"><img decoding=\"async\" width=\"1024\" height=\"682\" class=\"wp-image-17423\" src=\"https:\/\/sezami.zacatecas.gob.mx\/wp-content\/uploads\/2022\/09\/SZM-6-1024x682.jpg\" alt=\"\" srcset=\"https:\/\/sezami.zacatecas.gob.mx\/wp-content\/uploads\/2022\/09\/SZM-6-200x133.jpg 200w, https:\/\/sezami.zacatecas.gob.mx\/wp-content\/uploads\/2022\/09\/SZM-6-300x200.jpg 300w, https:\/\/sezami.zacatecas.gob.mx\/wp-content\/uploads\/2022\/09\/SZM-6-400x267.jpg 400w, https:\/\/sezami.zacatecas.gob.mx\/wp-content\/uploads\/2022\/09\/SZM-6-600x400.jpg 600w, https:\/\/sezami.zacatecas.gob.mx\/wp-content\/uploads\/2022\/09\/SZM-6-768x512.jpg 768w, https:\/\/sezami.zacatecas.gob.mx\/wp-content\/uploads\/2022\/09\/SZM-6-800x533.jpg 800w, https:\/\/sezami.zacatecas.gob.mx\/wp-content\/uploads\/2022\/09\/SZM-6-1024x682.jpg 1024w, https:\/\/sezami.zacatecas.gob.mx\/wp-content\/uploads\/2022\/09\/SZM-6-1200x800.jpg 1200w, https:\/\/sezami.zacatecas.gob.mx\/wp-content\/uploads\/2022\/09\/SZM-6.jpg 1280w\" sizes=\"(max-width: 1024px) 100vw, 1024px\" \/><\/figure>\r\n\r\n\r\n\r\n<figure class=\"wp-block-image size-large\"><img decoding=\"async\" width=\"682\" height=\"1024\" class=\"wp-image-17424\" src=\"https:\/\/sezami.zacatecas.gob.mx\/wp-content\/uploads\/2022\/09\/SZM-7-682x1024.jpg\" alt=\"\" srcset=\"https:\/\/sezami.zacatecas.gob.mx\/wp-content\/uploads\/2022\/09\/SZM-7-200x300.jpg 200w, https:\/\/sezami.zacatecas.gob.mx\/wp-content\/uploads\/2022\/09\/SZM-7-400x600.jpg 400w, https:\/\/sezami.zacatecas.gob.mx\/wp-content\/uploads\/2022\/09\/SZM-7-600x900.jpg 600w, https:\/\/sezami.zacatecas.gob.mx\/wp-content\/uploads\/2022\/09\/SZM-7-682x1024.jpg 682w, https:\/\/sezami.zacatecas.gob.mx\/wp-content\/uploads\/2022\/09\/SZM-7-768x1152.jpg 768w, https:\/\/sezami.zacatecas.gob.mx\/wp-content\/uploads\/2022\/09\/SZM-7-800x1200.jpg 800w, https:\/\/sezami.zacatecas.gob.mx\/wp-content\/uploads\/2022\/09\/SZM-7.jpg 853w\" sizes=\"(max-width: 682px) 100vw, 682px\" \/><\/figure>\r\n\r\n\r\n\r\n<figure class=\"wp-block-image size-large\"><img decoding=\"async\" width=\"682\" height=\"1024\" class=\"wp-image-17425\" src=\"https:\/\/sezami.zacatecas.gob.mx\/wp-content\/uploads\/2022\/09\/SZM-8-682x1024.jpg\" alt=\"\" srcset=\"https:\/\/sezami.zacatecas.gob.mx\/wp-content\/uploads\/2022\/09\/SZM-8-200x300.jpg 200w, https:\/\/sezami.zacatecas.gob.mx\/wp-content\/uploads\/2022\/09\/SZM-8-400x600.jpg 400w, https:\/\/sezami.zacatecas.gob.mx\/wp-content\/uploads\/2022\/09\/SZM-8-600x900.jpg 600w, https:\/\/sezami.zacatecas.gob.mx\/wp-content\/uploads\/2022\/09\/SZM-8-682x1024.jpg 682w, https:\/\/sezami.zacatecas.gob.mx\/wp-content\/uploads\/2022\/09\/SZM-8-768x1152.jpg 768w, https:\/\/sezami.zacatecas.gob.mx\/wp-content\/uploads\/2022\/09\/SZM-8-800x1200.jpg 800w, https:\/\/sezami.zacatecas.gob.mx\/wp-content\/uploads\/2022\/09\/SZM-8.jpg 853w\" sizes=\"(max-width: 682px) 100vw, 682px\" \/><\/figure>\r\n","protected":false},"excerpt":{"rendered":"<p>Sara Hern\u00e1ndez de Monreal, presidenta honorifica del SEDIF, presidi\u00f3 la [&hellip;]<\/p>\n","protected":false},"author":6,"featured_media":17416,"comment_status":"closed","ping_status":"closed","sticky":false,"template":"","format":"standard","meta":{"_eb_attr":""},"categories":[151],"tags":[],"_links":{"self":[{"href":"https:\/\/sezami.zacatecas.gob.mx\/index.php?rest_route=\/wp\/v2\/posts\/17414"}],"collection":[{"href":"https:\/\/sezami.zacatecas.gob.mx\/index.php?rest_route=\/wp\/v2\/posts"}],"about":[{"href":"https:\/\/sezami.zacatecas.gob.mx\/index.php?rest_route=\/wp\/v2\/types\/post"}],"author":[{"embeddable":true,"href":"https:\/\/sezami.zacatecas.gob.mx\/index.php?rest_route=\/wp\/v2\/users\/6"}],"replies":[{"embeddable":true,"href":"https:\/\/sezami.zacatecas.gob.mx\/index.php?rest_route=%2Fwp%2Fv2%2Fcomments&post=17414"}],"version-history":[{"count":4,"href":"https:\/\/sezami.zacatecas.gob.mx\/index.php?rest_route=\/wp\/v2\/posts\/17414\/revisions"}],"predecessor-version":[{"id":17427,"href":"https:\/\/sezami.zacatecas.gob.mx\/index.php?rest_route=\/wp\/v2\/posts\/17414\/revisions\/17427"}],"wp:featuredmedia":[{"embeddable":true,"href":"https:\/\/sezami.zacatecas.gob.mx\/index.php?rest_route=\/wp\/v2\/media\/17416"}],"wp:attachment":[{"href":"https:\/\/sezami.zacatecas.gob.mx\/index.php?rest_route=%2Fwp%2Fv2%2Fmedia&parent=17414"}],"wp:term":[{"taxonomy":"category","embeddable":true,"href":"https:\/\/sezami.zacatecas.gob.mx\/index.php?rest_route=%2Fwp%2Fv2%2Fcategories&post=17414"},{"taxonomy":"post_tag","embeddable":true,"href":"https:\/\/sezami.zacatecas.gob.mx\/index.php?rest_route=%2Fwp%2Fv2%2Ftags&post=17414"}],"curies":[{"name":"wp","href":"https:\/\/api.w.org\/{rel}","templated":true}]}}