{"id":17390,"date":"2022-09-09T04:38:30","date_gmt":"2022-09-09T09:38:30","guid":{"rendered":"https:\/\/sezami.zacatecas.gob.mx\/?p=17390"},"modified":"2022-09-13T01:09:07","modified_gmt":"2022-09-13T06:09:07","slug":"en-honor-a-los-zacatecanos-migrantes-colocan-ofrenda-floral-y-rinden-guardia-de-honor-en-el-monumento-al-migrante","status":"publish","type":"post","link":"https:\/\/sezami.zacatecas.gob.mx\/?p=17390","title":{"rendered":"En honor a los zacatecanos migrantes, colocan ofrenda floral y rinden guardia de honor en el Monumento al Migrante"},"content":{"rendered":"<ul>\n<li><b><i>Conmemoran D\u00eda de la Zacatecana y el Zacatecano Migrante<br><\/i><\/b><\/li>\n<\/ul>\n<p><b><i>Zacatecas, Zac., 09 de septiembre de 2022.-<\/i><\/b>&nbsp;En la conmemoraci\u00f3n del D\u00eda de la Zacatecana y el Zacatecano Migrante, autoridades del Gobierno del Estado, del Poder Legislativo y l\u00edderes zacatecanos migrantes colocaron una ofrenda floral en el Monumento al Migrante y rindieron guardia de honor.<\/p>\n<p>&nbsp;<\/p>\n<p>L\u00edderes zacatecanos migrantes radicados en California, Texas, Colorado, Nevada, Georgia, Oklahoma, Illinois, as\u00ed como de la Ciudad de M\u00e9xico y Nuevo Le\u00f3n se reunieron en el Monumento al Migrante en la ciudad capital para conmemorar esta fecha, que se estableci\u00f3 en su honor, desde hace 19 a\u00f1os.<\/p>\n<p>Rodrigo Casta\u00f1eda, secretario de Econom\u00eda, asisti\u00f3 en representaci\u00f3n del Gobernador David Monreal \u00c1vila, acompa\u00f1ado por los titulares de la Secretar\u00eda del Zacatecano Migrante, Iv\u00e1n Reyes Mill\u00e1n y la Secretaria de las Mujeres, Zaida Ivonne Villagrana.<\/p>\n<p>El Poder Legislativo estuvo representado por el Diputado Presidente de la Mesa Directiva, Ernesto Gonz\u00e1lez Romo; las y los diputados integrantes de la Comisi\u00f3n de Asuntos Migratorios, Jos\u00e9 Juan Estrada Hern\u00e1ndez, presidente; Sergio Ortega Rodr\u00edguez, secretario y la diputada Zulema Santacruz M\u00e1rquez.<\/p>\n<p>Asimismo, estuvieron presentes el General Brigadier Jos\u00e9 de Jes\u00fas Barajas Santos, representante de la Oficina del Instituto Nacional de Migraci\u00f3n en Zacatecas y Roc\u00edo Mej\u00eda Flores, directora general de Telecomm.<\/p>\n<p>El escultor y artista Javier D\u00edaz Rivapalacio ofreci\u00f3 una rese\u00f1a del significado del Monumento al Migrante que es de su autor\u00eda.<\/p>\n<p style=\"text-align: center;\"><b>\u2014ooOoo\u2014<\/b><\/p>\n\n\n<figure class=\"wp-block-image size-large\"><img decoding=\"async\" width=\"1024\" height=\"683\" src=\"https:\/\/sezami.zacatecas.gob.mx\/wp-content\/uploads\/2022\/09\/2-2-1024x683.jpeg\" alt=\"\" class=\"wp-image-17395\" srcset=\"https:\/\/sezami.zacatecas.gob.mx\/wp-content\/uploads\/2022\/09\/2-2-200x133.jpeg 200w, https:\/\/sezami.zacatecas.gob.mx\/wp-content\/uploads\/2022\/09\/2-2-300x200.jpeg 300w, https:\/\/sezami.zacatecas.gob.mx\/wp-content\/uploads\/2022\/09\/2-2-400x267.jpeg 400w, https:\/\/sezami.zacatecas.gob.mx\/wp-content\/uploads\/2022\/09\/2-2-600x400.jpeg 600w, https:\/\/sezami.zacatecas.gob.mx\/wp-content\/uploads\/2022\/09\/2-2-768x512.jpeg 768w, https:\/\/sezami.zacatecas.gob.mx\/wp-content\/uploads\/2022\/09\/2-2-800x533.jpeg 800w, https:\/\/sezami.zacatecas.gob.mx\/wp-content\/uploads\/2022\/09\/2-2-1024x683.jpeg 1024w, https:\/\/sezami.zacatecas.gob.mx\/wp-content\/uploads\/2022\/09\/2-2.jpeg 1080w\" sizes=\"(max-width: 1024px) 100vw, 1024px\" \/><\/figure>\n\n\n\n<figure class=\"wp-block-image size-full\"><img decoding=\"async\" width=\"800\" height=\"533\" src=\"https:\/\/sezami.zacatecas.gob.mx\/wp-content\/uploads\/2022\/09\/3.jpeg\" alt=\"\" class=\"wp-image-17396\" srcset=\"https:\/\/sezami.zacatecas.gob.mx\/wp-content\/uploads\/2022\/09\/3-200x133.jpeg 200w, https:\/\/sezami.zacatecas.gob.mx\/wp-content\/uploads\/2022\/09\/3-300x200.jpeg 300w, https:\/\/sezami.zacatecas.gob.mx\/wp-content\/uploads\/2022\/09\/3-400x267.jpeg 400w, https:\/\/sezami.zacatecas.gob.mx\/wp-content\/uploads\/2022\/09\/3-600x400.jpeg 600w, https:\/\/sezami.zacatecas.gob.mx\/wp-content\/uploads\/2022\/09\/3-768x512.jpeg 768w, https:\/\/sezami.zacatecas.gob.mx\/wp-content\/uploads\/2022\/09\/3.jpeg 800w\" sizes=\"(max-width: 800px) 100vw, 800px\" \/><\/figure>\n\n\n\n<figure class=\"wp-block-image size-full\"><img decoding=\"async\" width=\"800\" height=\"533\" src=\"https:\/\/sezami.zacatecas.gob.mx\/wp-content\/uploads\/2022\/09\/4.jpeg\" alt=\"\" class=\"wp-image-17397\" srcset=\"https:\/\/sezami.zacatecas.gob.mx\/wp-content\/uploads\/2022\/09\/4-200x133.jpeg 200w, https:\/\/sezami.zacatecas.gob.mx\/wp-content\/uploads\/2022\/09\/4-300x200.jpeg 300w, https:\/\/sezami.zacatecas.gob.mx\/wp-content\/uploads\/2022\/09\/4-400x267.jpeg 400w, https:\/\/sezami.zacatecas.gob.mx\/wp-content\/uploads\/2022\/09\/4-600x400.jpeg 600w, https:\/\/sezami.zacatecas.gob.mx\/wp-content\/uploads\/2022\/09\/4-768x512.jpeg 768w, https:\/\/sezami.zacatecas.gob.mx\/wp-content\/uploads\/2022\/09\/4.jpeg 800w\" sizes=\"(max-width: 800px) 100vw, 800px\" \/><\/figure>\n","protected":false},"excerpt":{"rendered":"<p>Conmemoran D\u00eda de la Zacatecana y el Zacatecano Migrante Zacatecas, [&hellip;]<\/p>\n","protected":false},"author":6,"featured_media":17400,"comment_status":"closed","ping_status":"closed","sticky":false,"template":"","format":"standard","meta":{"_eb_attr":""},"categories":[151],"tags":[],"_links":{"self":[{"href":"https:\/\/sezami.zacatecas.gob.mx\/index.php?rest_route=\/wp\/v2\/posts\/17390"}],"collection":[{"href":"https:\/\/sezami.zacatecas.gob.mx\/index.php?rest_route=\/wp\/v2\/posts"}],"about":[{"href":"https:\/\/sezami.zacatecas.gob.mx\/index.php?rest_route=\/wp\/v2\/types\/post"}],"author":[{"embeddable":true,"href":"https:\/\/sezami.zacatecas.gob.mx\/index.php?rest_route=\/wp\/v2\/users\/6"}],"replies":[{"embeddable":true,"href":"https:\/\/sezami.zacatecas.gob.mx\/index.php?rest_route=%2Fwp%2Fv2%2Fcomments&post=17390"}],"version-history":[{"count":5,"href":"https:\/\/sezami.zacatecas.gob.mx\/index.php?rest_route=\/wp\/v2\/posts\/17390\/revisions"}],"predecessor-version":[{"id":17428,"href":"https:\/\/sezami.zacatecas.gob.mx\/index.php?rest_route=\/wp\/v2\/posts\/17390\/revisions\/17428"}],"wp:featuredmedia":[{"embeddable":true,"href":"https:\/\/sezami.zacatecas.gob.mx\/index.php?rest_route=\/wp\/v2\/media\/17400"}],"wp:attachment":[{"href":"https:\/\/sezami.zacatecas.gob.mx\/index.php?rest_route=%2Fwp%2Fv2%2Fmedia&parent=17390"}],"wp:term":[{"taxonomy":"category","embeddable":true,"href":"https:\/\/sezami.zacatecas.gob.mx\/index.php?rest_route=%2Fwp%2Fv2%2Fcategories&post=17390"},{"taxonomy":"post_tag","embeddable":true,"href":"https:\/\/sezami.zacatecas.gob.mx\/index.php?rest_route=%2Fwp%2Fv2%2Ftags&post=17390"}],"curies":[{"name":"wp","href":"https:\/\/api.w.org\/{rel}","templated":true}]}}