{"id":17312,"date":"2022-07-21T11:16:43","date_gmt":"2022-07-21T16:16:43","guid":{"rendered":"https:\/\/sezami.zacatecas.gob.mx\/?p=17312"},"modified":"2022-07-21T11:20:07","modified_gmt":"2022-07-21T16:20:07","slug":"arranca-operativo-verano-2022-del-programa-heroes-paisanos-en-zacatecas","status":"publish","type":"post","link":"https:\/\/sezami.zacatecas.gob.mx\/?p=17312","title":{"rendered":"Arranca Operativo Verano 2022 del Programa H\u00e9roes Paisanos en Zacatecas"},"content":{"rendered":"<ul>\n<li><b><i>Se realizar\u00e1 del 25 de julio al 25 de agosto, con 10 m\u00f3dulos de atenci\u00f3n<\/i><\/b><\/li>\n<li><b><i>Autoridades de los gobiernos de M\u00e9xico y Zacatecas sostuvieron reuni\u00f3n de coordinaci\u00f3n y cortaron list\u00f3n de arranque del operativo<\/i><\/b><\/li>\n<\/ul>\n<p>&nbsp;<\/p>\n<p><b>Zacatecas, Zac., 21 de julio de 2022.-<\/b>&nbsp;Con el respaldo de dependencias del Gobierno de M\u00e9xico y el de Zacatecas, arranc\u00f3 en esta entidad el Operativo Verano 2022 del Programa H\u00e9roes Paisanos.<\/p>\n<p>&nbsp;<\/p>\n<p>Aunque el operativo comprender\u00e1 del 25 de julio al 25 de agosto, hoy en Zacatecas se llev\u00f3 a cabo el arranque simb\u00f3lico, con el corte de list\u00f3n en el Monumento al Migrante.<\/p>\n<p>&nbsp;<\/p>\n<p>En representaci\u00f3n del Gobernador David Monreal \u00c1vila, el Secretario del Zacatecano Migrante, Iv\u00e1n Reyes Mill\u00e1n, asisti\u00f3 a una reuni\u00f3n de coordinaci\u00f3n entre las dependencias de los gobiernos de M\u00e9xico y de Zacatecas, convocada por el General Jos\u00e9 de Jes\u00fas Barajas Santos, titular de la Oficina de Representaci\u00f3n en Zacatecas del Instituto Nacional de Migraci\u00f3n (INM).<\/p>\n<p>&nbsp;<\/p>\n<p>Ah\u00ed se inform\u00f3 que, durante los 30 d\u00edas del operativo, se instalar\u00e1n 10 m\u00f3dulos de atenci\u00f3n en los municipios de Calera, Concepci\u00f3n del Oro, Fresnillo, Jerez, R\u00edo Grande, Trancoso, Villanueva y Zacatecas, que ser\u00e1n atendidos por 18 observadores.<\/p>\n<p>&nbsp;<\/p>\n<p>Al subrayar que, durante los \u00faltimos operativos, en colaboraci\u00f3n con diversas dependencias y el INM, el Programa H\u00e9roes Paisanos se ha fortalecido con un enfoque migrante para acercar los servicios y tr\u00e1mites de las dependencias a la comunidad zacatecana migrante que durante los periodos vacacionales visitan Zacatecas, Iv\u00e1n Reyes reiter\u00f3 el apoyo y colaboraci\u00f3n del Gobierno de Zacatecas.<\/p>\n<p>&nbsp;<\/p>\n<p>Durante la reuni\u00f3n se hizo hincapi\u00e9 en reforzar la vigilancia y seguridad en las carreteras, sobre todo la 54 Villa de Cos \u2013 Concepci\u00f3n del Oro, donde se insistir\u00e1 en la gesti\u00f3n para que se cuente con comunicaci\u00f3n telef\u00f3nica en los tramos donde se pierde la se\u00f1al.<\/p>\n<p>&nbsp;<\/p>\n<p>Las y los representantes de las dependencias de Seguridad P\u00fablica, \u00c1ngeles Verdes, Funci\u00f3n P\u00fablica, Procuradur\u00eda de la Defensa del Contribuyente (PRODECON), de la Secretar\u00eda de la Defensa Nacional (SEDENA), la Secretar\u00eda de Gobernaci\u00f3n, Secretar\u00eda de Relaciones Exteriores (SRE), del Centro Nacional de Inteligencia estaci\u00f3n Zacatecas, reiteraron las acciones que a cada uno le corresponde para participar en este operativo.<\/p>\n<p>&nbsp;<\/p>\n<p>Adem\u00e1s, conminaron a los usuarios y visitantes a denunciar cualquier situaci\u00f3n a trav\u00e9s de los diferentes medios disponibles, o bien, descargar la gu\u00eda completa: www.gob.mx\/heroespaisanos y se puso a disposici\u00f3n el portal https:\/\/sezami.zacatecas.gob.mx\/servicios-paisano\/<\/p>\n<p>&nbsp;<\/p>\n<p>El General Jos\u00e9 de Jes\u00fas Barajas Santos, titular de la Oficina de Representaci\u00f3n en Zacatecas del Instituto Nacional de Migraci\u00f3n (INM), agradeci\u00f3 la asistencia y el respaldo manifiesto para que en este operativo se tengan buenos resultados.<\/p>\n<p style=\"text-align: center;\">\u2014<b>ooOoo<\/b>\u2014<\/p>\n","protected":false},"excerpt":{"rendered":"<p>Se realizar\u00e1 del 25 de julio al 25 de agosto, [&hellip;]<\/p>\n","protected":false},"author":6,"featured_media":17314,"comment_status":"closed","ping_status":"closed","sticky":false,"template":"","format":"standard","meta":{"_eb_attr":""},"categories":[151],"tags":[],"_links":{"self":[{"href":"https:\/\/sezami.zacatecas.gob.mx\/index.php?rest_route=\/wp\/v2\/posts\/17312"}],"collection":[{"href":"https:\/\/sezami.zacatecas.gob.mx\/index.php?rest_route=\/wp\/v2\/posts"}],"about":[{"href":"https:\/\/sezami.zacatecas.gob.mx\/index.php?rest_route=\/wp\/v2\/types\/post"}],"author":[{"embeddable":true,"href":"https:\/\/sezami.zacatecas.gob.mx\/index.php?rest_route=\/wp\/v2\/users\/6"}],"replies":[{"embeddable":true,"href":"https:\/\/sezami.zacatecas.gob.mx\/index.php?rest_route=%2Fwp%2Fv2%2Fcomments&post=17312"}],"version-history":[{"count":3,"href":"https:\/\/sezami.zacatecas.gob.mx\/index.php?rest_route=\/wp\/v2\/posts\/17312\/revisions"}],"predecessor-version":[{"id":17318,"href":"https:\/\/sezami.zacatecas.gob.mx\/index.php?rest_route=\/wp\/v2\/posts\/17312\/revisions\/17318"}],"wp:featuredmedia":[{"embeddable":true,"href":"https:\/\/sezami.zacatecas.gob.mx\/index.php?rest_route=\/wp\/v2\/media\/17314"}],"wp:attachment":[{"href":"https:\/\/sezami.zacatecas.gob.mx\/index.php?rest_route=%2Fwp%2Fv2%2Fmedia&parent=17312"}],"wp:term":[{"taxonomy":"category","embeddable":true,"href":"https:\/\/sezami.zacatecas.gob.mx\/index.php?rest_route=%2Fwp%2Fv2%2Fcategories&post=17312"},{"taxonomy":"post_tag","embeddable":true,"href":"https:\/\/sezami.zacatecas.gob.mx\/index.php?rest_route=%2Fwp%2Fv2%2Ftags&post=17312"}],"curies":[{"name":"wp","href":"https:\/\/api.w.org\/{rel}","templated":true}]}}