{"id":17199,"date":"2022-06-21T03:40:00","date_gmt":"2022-06-21T08:40:00","guid":{"rendered":"https:\/\/sezami.zacatecas.gob.mx\/?p=17199"},"modified":"2022-06-22T03:47:52","modified_gmt":"2022-06-22T08:47:52","slug":"anterior-con-apoyo-del-gobernador-david-monreal-llegan-a-su-tierra-zacatecanas-que-estaban-varadas-en-ecuador","status":"publish","type":"post","link":"https:\/\/sezami.zacatecas.gob.mx\/?p=17199","title":{"rendered":"Con apoyo del Gobernador David Monreal, llegan a su tierra zacatecanas que estaban varadas en Ecuador"},"content":{"rendered":"<p><b>\u00a0<\/b><\/p>\n<p><i><b>Calera, Zac., 21 de junio de 2022.-<\/b><\/i>\u00a0Las zacatecanas Mar\u00eda Aurora L\u00f3pez y su hija Fernanda Sandoval arribaron al Aeropuerto Internacional \u201cLeobardo C. Ruiz\u201d, de Calera, luego de permanecer varadas durante varios d\u00edas en Ecuador.<\/p>\n<p>En todo momento, el Gobernador David Monreal \u00c1vila estuvo atento para, a trav\u00e9s de la Secretar\u00eda del Zacatecano Migrante (Sezami), en coordinaci\u00f3n con la Embajada de M\u00e9xico en Ecuador, brindarles apoyo, asesor\u00eda y acompa\u00f1amiento para que regresaran a la Ciudad de M\u00e9xico y, posteriormente, a Zacatecas.<\/p>\n<p>Gracias al respaldo del Gobernador David Monreal, estas zacatecanas llegaron sanas y salvas a su tierra para, por fin, reunirse con su familia y sus seres queridos.<\/p>\n<p>Ante este gesto, Mar\u00eda Aurora y Fernanda agradecieron por el apoyo que les brindaron el mandatario estatal, as\u00ed como las autoridades consulares en Ecuador, as\u00ed como a las personas de aquel pa\u00eds, para que estuvieran de regreso en Zacatecas.<\/p>\n","protected":false},"excerpt":{"rendered":"<p>\u00a0 Calera, Zac., 21 de junio de 2022.-\u00a0Las zacatecanas Mar\u00eda [&hellip;]<\/p>\n","protected":false},"author":6,"featured_media":17201,"comment_status":"closed","ping_status":"closed","sticky":false,"template":"","format":"standard","meta":{"_eb_attr":""},"categories":[151],"tags":[],"_links":{"self":[{"href":"https:\/\/sezami.zacatecas.gob.mx\/index.php?rest_route=\/wp\/v2\/posts\/17199"}],"collection":[{"href":"https:\/\/sezami.zacatecas.gob.mx\/index.php?rest_route=\/wp\/v2\/posts"}],"about":[{"href":"https:\/\/sezami.zacatecas.gob.mx\/index.php?rest_route=\/wp\/v2\/types\/post"}],"author":[{"embeddable":true,"href":"https:\/\/sezami.zacatecas.gob.mx\/index.php?rest_route=\/wp\/v2\/users\/6"}],"replies":[{"embeddable":true,"href":"https:\/\/sezami.zacatecas.gob.mx\/index.php?rest_route=%2Fwp%2Fv2%2Fcomments&post=17199"}],"version-history":[{"count":3,"href":"https:\/\/sezami.zacatecas.gob.mx\/index.php?rest_route=\/wp\/v2\/posts\/17199\/revisions"}],"predecessor-version":[{"id":17207,"href":"https:\/\/sezami.zacatecas.gob.mx\/index.php?rest_route=\/wp\/v2\/posts\/17199\/revisions\/17207"}],"wp:featuredmedia":[{"embeddable":true,"href":"https:\/\/sezami.zacatecas.gob.mx\/index.php?rest_route=\/wp\/v2\/media\/17201"}],"wp:attachment":[{"href":"https:\/\/sezami.zacatecas.gob.mx\/index.php?rest_route=%2Fwp%2Fv2%2Fmedia&parent=17199"}],"wp:term":[{"taxonomy":"category","embeddable":true,"href":"https:\/\/sezami.zacatecas.gob.mx\/index.php?rest_route=%2Fwp%2Fv2%2Fcategories&post=17199"},{"taxonomy":"post_tag","embeddable":true,"href":"https:\/\/sezami.zacatecas.gob.mx\/index.php?rest_route=%2Fwp%2Fv2%2Ftags&post=17199"}],"curies":[{"name":"wp","href":"https:\/\/api.w.org\/{rel}","templated":true}]}}