{"id":17150,"date":"2022-05-31T03:07:55","date_gmt":"2022-05-31T08:07:55","guid":{"rendered":"https:\/\/sezami.zacatecas.gob.mx\/?p=17150"},"modified":"2022-06-01T04:06:26","modified_gmt":"2022-06-01T09:06:26","slug":"gobierno-de-zacatecas-brinda-atencion-y-asesoria-a-paisanos-que-sufrieron-un-hecho-de-violencia","status":"publish","type":"post","link":"https:\/\/sezami.zacatecas.gob.mx\/?p=17150","title":{"rendered":"Gobierno de Zacatecas brinda atenci\u00f3n y asesor\u00eda a paisanos que sufrieron un hecho de violencia"},"content":{"rendered":"<div>\n<div>\n<div>\n<div class=\"_rp_p6 _rp_q6\">\n<div id=\"Conversation.FossilizedTextBody\" class=\"ms-font-weight-regular ms-font-color-neutralDark rpHighlightAllClass rpHighlightBodyClass _rp_r6\">\n<div class=\"ms-border-color-neutralTertiaryAlt\">\n<div>\n<div dir=\"ltr\">\n<div>\n<div>\n<p>&nbsp;<\/p>\n<ul>\n<li><span style=\"font-family: Arial,sans-serif;\"><b><i>El Gobernador David Monreal instruy\u00f3 dar acompa\u00f1amiento integral a las y los afectados\u00a0<\/i><\/b><\/span><\/li>\n<li><span style=\"font-family: Arial,sans-serif; font-size: small;\"><b><i>Sobre la carretera 54, 16 paisanos fueron despojados de veh\u00edculos, pertenencias y documentos personales \u00a0<\/i><\/b><\/span><\/li>\n<li>\n<div align=\"justify\"><span style=\"font-family: Calibri,sans-serif; font-size: small;\"><span style=\"font-family: Arial,sans-serif;\"><b><i>La Sezami, en coordinaci\u00f3n con el INM en Zacatecas, acompa\u00f1\u00f3 a las v\u00edctimas a interponer la denuncia ante FGJE\u00a0<\/i><\/b><\/span><\/span><\/div>\n<\/li>\n<\/ul>\n<div><\/div>\n<div align=\"justify\"><span style=\"font-family: Calibri,sans-serif; font-size: small;\"><span style=\"font-family: Arial,sans-serif; font-size: medium;\">\u00a0<\/span><\/span><\/div>\n<div align=\"justify\"><span style=\"font-family: Calibri,sans-serif; font-size: small;\"><span style=\"font-family: Arial,sans-serif; font-size: medium;\"><b><i>Zacatecas, Zac., 31 de mayo de 2022.-\u00a0<\/i><\/b><\/span><span style=\"font-family: Arial,sans-serif; font-size: medium;\">El Gobierno de Zacatecas, a trav\u00e9s de la Secretar\u00eda del Zacatecano Migrante (Sezami), brind\u00f3 atenci\u00f3n, acompa\u00f1amiento y asesor\u00eda a las 16 personas (paisanos) que fueron v\u00edctimas de un hecho de violencia en la carretera 54 Villa de Cos &#8211; Concepci\u00f3n del Oro.\u00a0<\/span><\/span><\/div>\n<div align=\"justify\"><span style=\"font-family: Calibri,sans-serif; font-size: small;\"><span style=\"font-family: Arial,sans-serif; font-size: medium;\">\u00a0<\/span><\/span><\/div>\n<div align=\"justify\"><span style=\"font-family: Calibri,sans-serif; font-size: small;\"><span style=\"font-family: Arial,sans-serif; font-size: medium;\">Una vez que se conoci\u00f3 de los lamentables hechos, ocurridos el lunes pasado, el Gobernador David Monreal \u00c1vila instruy\u00f3 al titular de la Sezami, Iv\u00e1n Reyes Mill\u00e1n, para atender de manera integral a los paisanos que proven\u00edan de Aguascalientes, Jalisco y Zacatecas (Tepechitl\u00e1n, Nochistl\u00e1n y Huanusco), rumbo a Georgia, Texas y Oklahoma, en Estados Unidos.\u00a0<\/span><\/span><\/div>\n<div align=\"justify\"><span style=\"font-family: Calibri,sans-serif; font-size: small;\"><span style=\"font-family: Arial,sans-serif; font-size: medium;\">\u00a0<\/span><\/span><\/div>\n<div align=\"justify\"><span style=\"font-family: Calibri,sans-serif; font-size: small;\"><span style=\"font-family: Arial,sans-serif; font-size: medium;\">El representante en la entidad del Instituto Nacional de Migraci\u00f3n en Zacatecas (INM) Ignacio Fraire, as\u00ed como de la Guardia Nacional, acompa\u00f1aron a las personas en su traslado a la Fiscal\u00eda General de Justicia en el Estado (FGJE) para interponer la denuncia; ah\u00ed, personal de la Sezami los esperaba para brindarles acompa\u00f1amiento y asesor\u00eda.\u00a0<\/span><\/span><\/div>\n<div align=\"justify\"><span style=\"font-family: Calibri,sans-serif; font-size: small;\"><span style=\"font-family: Arial,sans-serif; font-size: medium;\">\u00a0<\/span><\/span><\/div>\n<div align=\"justify\"><span style=\"font-family: Calibri,sans-serif; font-size: small;\"><span style=\"font-family: Arial,sans-serif; font-size: medium;\">&#8220;Primeramente, nos aseguramos de la salud de cada una de las personas y s\u00f3lo uno de ellos requiri\u00f3 de muletas, que fueron gestionadas ante el SEDIF; tambi\u00e9n se les ofreci\u00f3 hospedaje&#8221;, coment\u00f3 Iv\u00e1n Reyes.\u00a0<\/span><\/span><\/div>\n<div align=\"justify\"><span style=\"font-family: Calibri,sans-serif; font-size: small;\"><span style=\"font-family: Arial,sans-serif; font-size: medium;\">\u00a0<\/span><\/span><\/div>\n<div align=\"justify\"><span style=\"font-family: Calibri,sans-serif; font-size: small;\"><span style=\"font-family: Arial,sans-serif; font-size: medium;\">La Sezami estableci\u00f3 comunicaci\u00f3n con la Embajada de Estados Unidos en M\u00e9xico para garantizar el derecho de identidad de las personas y ponerlos en contacto a fin de que reportaran la documentaci\u00f3n de la que fueron despojados, como los pasaportes estadounidenses. \u00a0<\/span><\/span><\/div>\n<div align=\"justify\"><span style=\"font-family: Calibri,sans-serif; font-size: small;\"><span style=\"font-family: Arial,sans-serif; font-size: medium;\">\u00a0<\/span><\/span><\/div>\n<div align=\"justify\"><span style=\"font-family: Calibri,sans-serif; font-size: small;\"><span style=\"font-family: Arial,sans-serif; font-size: medium;\">La Secretar\u00eda mantuvo acompa\u00f1amiento hasta el \u00faltimo momento en que la FGJE concluy\u00f3 con el levantamiento de la denuncia; y mantiene comunicaci\u00f3n con las y los afectados ante cualquier eventualidad.\u00a0<\/span><\/span><\/div>\n<div align=\"justify\"><span style=\"font-family: Calibri,sans-serif; font-size: small;\"><span style=\"font-family: Arial,sans-serif; font-size: medium;\">\u00a0<\/span><\/span><\/div>\n<div align=\"center\"><span style=\"font-family: Calibri,sans-serif; font-size: small;\"><span style=\"font-family: Arial,sans-serif; font-size: medium;\"><b>\u2014ooOoo\u2014\u00a0<\/b><\/span><\/span><\/div>\n<\/div>\n<\/div>\n<\/div>\n<\/div>\n<\/div>\n<\/div>\n<\/div>\n<\/div>\n<\/div>\n<\/div>\n","protected":false},"excerpt":{"rendered":"<p>&nbsp; El Gobernador David Monreal instruy\u00f3 dar acompa\u00f1amiento integral a [&hellip;]<\/p>\n","protected":false},"author":6,"featured_media":17153,"comment_status":"closed","ping_status":"closed","sticky":false,"template":"","format":"standard","meta":{"_eb_attr":""},"categories":[151],"tags":[],"_links":{"self":[{"href":"https:\/\/sezami.zacatecas.gob.mx\/index.php?rest_route=\/wp\/v2\/posts\/17150"}],"collection":[{"href":"https:\/\/sezami.zacatecas.gob.mx\/index.php?rest_route=\/wp\/v2\/posts"}],"about":[{"href":"https:\/\/sezami.zacatecas.gob.mx\/index.php?rest_route=\/wp\/v2\/types\/post"}],"author":[{"embeddable":true,"href":"https:\/\/sezami.zacatecas.gob.mx\/index.php?rest_route=\/wp\/v2\/users\/6"}],"replies":[{"embeddable":true,"href":"https:\/\/sezami.zacatecas.gob.mx\/index.php?rest_route=%2Fwp%2Fv2%2Fcomments&post=17150"}],"version-history":[{"count":1,"href":"https:\/\/sezami.zacatecas.gob.mx\/index.php?rest_route=\/wp\/v2\/posts\/17150\/revisions"}],"predecessor-version":[{"id":17152,"href":"https:\/\/sezami.zacatecas.gob.mx\/index.php?rest_route=\/wp\/v2\/posts\/17150\/revisions\/17152"}],"wp:featuredmedia":[{"embeddable":true,"href":"https:\/\/sezami.zacatecas.gob.mx\/index.php?rest_route=\/wp\/v2\/media\/17153"}],"wp:attachment":[{"href":"https:\/\/sezami.zacatecas.gob.mx\/index.php?rest_route=%2Fwp%2Fv2%2Fmedia&parent=17150"}],"wp:term":[{"taxonomy":"category","embeddable":true,"href":"https:\/\/sezami.zacatecas.gob.mx\/index.php?rest_route=%2Fwp%2Fv2%2Fcategories&post=17150"},{"taxonomy":"post_tag","embeddable":true,"href":"https:\/\/sezami.zacatecas.gob.mx\/index.php?rest_route=%2Fwp%2Fv2%2Ftags&post=17150"}],"curies":[{"name":"wp","href":"https:\/\/api.w.org\/{rel}","templated":true}]}}